{"id":5885,"date":"2024-10-09T14:43:25","date_gmt":"2024-10-09T18:43:25","guid":{"rendered":"https:\/\/transcollines.ca\/surcharge-de-la-ligne-925\/"},"modified":"2024-10-09T16:22:21","modified_gmt":"2024-10-09T20:22:21","slug":"surcharge-de-la-ligne-925","status":"publish","type":"post","link":"https:\/\/transcollines.ca\/en\/surcharge-de-la-ligne-925\/","title":{"rendered":"Overload on Line 925"},"content":{"rendered":"<div class=\"flex max-w-full flex-col flex-grow\">\n<div class=\"min-h-8 text-message flex w-full flex-col items-end gap-2 whitespace-normal break-words [.text-message+&amp;]:mt-5\" dir=\"auto\" data-message-author-role=\"assistant\" data-message-id=\"4b8cb89f-56ba-4da5-a74f-af9a350a04a6\" data-message-model-slug=\"gpt-4o\">\n<div class=\"flex w-full flex-col gap-1 empty:hidden first:pt-[3px]\">\n<div class=\"markdown prose w-full break-words dark:prose-invert light\">\n<p>Over the past few years, we have seen significant growth in the student population in rural areas. Every year, we do our best to meet this demand within our available resources. In May 2023, we added a second run to our 925 bus line to help with this. This line serves several schools (\u00c9cole secondaire Mont-Bleu, Campus Gabrielle-Roy, C\u00e9gep H\u00e9ritage, Centre Asticou, Coll\u00e8ge Nouvelles Fronti\u00e8res).<\/p>\n<p>Since the start of the 2024 school year, we have had to close the doors on the first run of 925 bus line several times in the morning and afternoon due to overcrowding. We are aware of the inconvenience this causes, and please rest assured that we are exploring all possible service optimizations to resolve the situation while considering the needs of all passengers. You will be informed of any developments on this matter through our various communication channels.<\/p>\n<p>In the meantime, here are some alternatives to the first run of 925 bus line:<\/p>\n<p><strong>In the morning (AM)<\/strong><\/p>\n<ul>\n<li>925 (2nd run)<\/li>\n<li>921: arrival at Canevas Shopping Center at 6:05 AM + transfer to the STO service<\/li>\n<li>923 (1st run): arrival at Canevas Shopping Center at 6:39 AM + transfer to the STO service<\/li>\n<li>923 (2nd run): arrival at Canevas Shopping Center at 7:39 AM + transfer to the STO service<\/li>\n<\/ul>\n<p><strong>In the afternoon (PM) for returning to the Collines<\/strong><br \/>\nThe same bus lines are available for the return at the end of the day, including the 2nd run of Line 925 or using the STO network for a transfer to our 921 and 923 bus line.<\/p>\n<\/div>\n<\/div>\n<\/div>\n<\/div>\n","protected":false},"excerpt":{"rendered":"<p>Over the past few years, we have seen significant growth in the student population in rural areas. Every year, we do our best to meet this demand within our available resources. In May 2023, we added a second run to our 925 bus line to help with this. This line serves several schools (\u00c9cole secondaire&hellip; <a class=\"more-link\" href=\"https:\/\/transcollines.ca\/en\/surcharge-de-la-ligne-925\/\">Continue reading <span class=\"screen-reader-text\">Overload on Line 925<\/span><\/a><\/p>\n","protected":false},"author":2,"featured_media":0,"comment_status":"closed","ping_status":"closed","sticky":false,"template":"","format":"standard","meta":{"_acf_changed":false,"footnotes":""},"categories":[32],"tags":[],"class_list":["post-5885","post","type-post","status-publish","format-standard","hentry","category-alert","entry"],"acf":[],"_links":{"self":[{"href":"https:\/\/transcollines.ca\/en\/wp-json\/wp\/v2\/posts\/5885","targetHints":{"allow":["GET"]}}],"collection":[{"href":"https:\/\/transcollines.ca\/en\/wp-json\/wp\/v2\/posts"}],"about":[{"href":"https:\/\/transcollines.ca\/en\/wp-json\/wp\/v2\/types\/post"}],"author":[{"embeddable":true,"href":"https:\/\/transcollines.ca\/en\/wp-json\/wp\/v2\/users\/2"}],"replies":[{"embeddable":true,"href":"https:\/\/transcollines.ca\/en\/wp-json\/wp\/v2\/comments?post=5885"}],"version-history":[{"count":2,"href":"https:\/\/transcollines.ca\/en\/wp-json\/wp\/v2\/posts\/5885\/revisions"}],"predecessor-version":[{"id":5887,"href":"https:\/\/transcollines.ca\/en\/wp-json\/wp\/v2\/posts\/5885\/revisions\/5887"}],"wp:attachment":[{"href":"https:\/\/transcollines.ca\/en\/wp-json\/wp\/v2\/media?parent=5885"}],"wp:term":[{"taxonomy":"category","embeddable":true,"href":"https:\/\/transcollines.ca\/en\/wp-json\/wp\/v2\/categories?post=5885"},{"taxonomy":"post_tag","embeddable":true,"href":"https:\/\/transcollines.ca\/en\/wp-json\/wp\/v2\/tags?post=5885"}],"curies":[{"name":"wp","href":"https:\/\/api.w.org\/{rel}","templated":true}]}}